{"id":541,"date":"2016-01-18T11:08:04","date_gmt":"2016-01-18T10:08:04","guid":{"rendered":"http:\/\/rogeresteller.com\/ca\/si-vis-pacem-para-bellum\/"},"modified":"2016-03-08T00:12:22","modified_gmt":"2016-03-07T23:12:22","slug":"si-vis-pacem-para-bellum","status":"publish","type":"post","link":"https:\/\/rogeresteller.com\/ca\/si-vis-pacem-para-bellum\/","title":{"rendered":"Si Vis Pacem&#8230; Para Bellum"},"content":{"rendered":"<p><em>\u201cSi vis pacem\u2026 para bellum\u201d, \u201cSi vols la pau, prepara\u2019t per a la guerra\u201d<\/em>: aquesta m\u00edtica frase de la cultura romana, tan extrapolada a diferents contextos i situacions al llarg de la hist\u00f2ria, va guiar la meva carrera esportiva. A partir d\u2019ella, vaig desenvolupar el que lo he denominat SI VIS PACEM, \u00a0una metodologia motivacional pr\u00f2pia que em va permetre triomfar en el b\u00e0squet professional i que, despr\u00e9s de la meva retirada, vaig aplicar per fer front i superar tots els reptes marcats a la meva vida i en la meva activitat professional posterior.<\/p>\n<p>La metodologia \u201cSi Vis Pacem\u201d significa el cam\u00ed cap a la consecuci\u00f3 de les fites professionals i els objectius personals que qualsevol individu o col\u00b7lectiu (empresarial o esportiu) es marca a la vida.<\/p>\n<p>La base sobre la que SI VIS PACEM se sustenta coincideix, curiosament, amb el seu acr\u00f2nim S.V.P., \u00e9s a dir, <strong>Sentit, Valor i Poder<\/strong>.<\/p>\n<p><strong>Sentit<\/strong> en l\u2019objectiu marcat, en la direcci\u00f3 en la que vols que giri la teva vida i en sentir-te viu i decidit a assolir les teves metes. Indubtablement, tot ha de tenir un sentit per aconseguir-ho.<\/p>\n<p><strong>Valor<\/strong> en tu mateix, en les teves capacitats i en el coratge d\u2019aixecar-te cada vegada que caiguis.<\/p>\n<p><strong>Poder<\/strong> en actuar, en confiar en tu i en l\u2019auto-disciplina com la base dels teus \u00e8xits.<\/p>\n<p>SI VIS PACEM s\u2019estructura en dotze principis que anirem desgranant en aquest bloc que ens conduir\u00e0 per un viatge en que ens coneixerem millor a nosaltres mateixos, desenvoluparem tot el nostre potencial professional i hum\u00e0 i en el que crearem el nostre propi present i futur.<\/p>\n<p>\u201cLa recerca de l\u2019\u00e8xit\u2026, l\u2019objectiu continu\u201d<\/p>\n<p>Roger Esteller<\/p>\n<p><img loading=\"lazy\" decoding=\"async\" class=\"aligncenter size-full wp-image-568\" src=\"http:\/\/rogeresteller.com\/wp-content\/uploads\/2016\/01\/roger-esteller-svp-blog.jpg\" alt=\"roger-esteller-svp-blog\" width=\"1280\" height=\"657\" srcset=\"https:\/\/rogeresteller.com\/wp-content\/uploads\/2016\/01\/roger-esteller-svp-blog.jpg 1280w, https:\/\/rogeresteller.com\/wp-content\/uploads\/2016\/01\/roger-esteller-svp-blog-300x154.jpg 300w, https:\/\/rogeresteller.com\/wp-content\/uploads\/2016\/01\/roger-esteller-svp-blog-768x394.jpg 768w, https:\/\/rogeresteller.com\/wp-content\/uploads\/2016\/01\/roger-esteller-svp-blog-1024x526.jpg 1024w, https:\/\/rogeresteller.com\/wp-content\/uploads\/2016\/01\/roger-esteller-svp-blog-1080x554.jpg 1080w\" sizes=\"auto, (max-width: 1280px) 100vw, 1280px\" \/><\/p>\n","protected":false},"excerpt":{"rendered":"<p>\u201cSi vis pacem\u2026 para bellum\u201d, \u201cSi vols la pau, prepara\u2019t per a la guerra\u201d: aquesta m\u00edtica frase de la cultura romana, tan extrapolada a diferents contextos i situacions al llarg de la hist\u00f2ria, va guiar la meva carrera esportiva. A partir d\u2019ella, vaig desenvolupar el que lo he denominat SI VIS PACEM, \u00a0una metodologia motivacional [&hellip;]<\/p>\n","protected":false},"author":5,"featured_media":568,"comment_status":"closed","ping_status":"open","sticky":false,"template":"","format":"standard","meta":{"footnotes":""},"categories":[7],"tags":[],"class_list":["post-541","post","type-post","status-publish","format-standard","has-post-thumbnail","hentry","category-novetats"],"_links":{"self":[{"href":"https:\/\/rogeresteller.com\/ca\/wp-json\/wp\/v2\/posts\/541","targetHints":{"allow":["GET"]}}],"collection":[{"href":"https:\/\/rogeresteller.com\/ca\/wp-json\/wp\/v2\/posts"}],"about":[{"href":"https:\/\/rogeresteller.com\/ca\/wp-json\/wp\/v2\/types\/post"}],"author":[{"embeddable":true,"href":"https:\/\/rogeresteller.com\/ca\/wp-json\/wp\/v2\/users\/5"}],"replies":[{"embeddable":true,"href":"https:\/\/rogeresteller.com\/ca\/wp-json\/wp\/v2\/comments?post=541"}],"version-history":[{"count":0,"href":"https:\/\/rogeresteller.com\/ca\/wp-json\/wp\/v2\/posts\/541\/revisions"}],"wp:featuredmedia":[{"embeddable":true,"href":"https:\/\/rogeresteller.com\/ca\/wp-json\/wp\/v2\/media\/568"}],"wp:attachment":[{"href":"https:\/\/rogeresteller.com\/ca\/wp-json\/wp\/v2\/media?parent=541"}],"wp:term":[{"taxonomy":"category","embeddable":true,"href":"https:\/\/rogeresteller.com\/ca\/wp-json\/wp\/v2\/categories?post=541"},{"taxonomy":"post_tag","embeddable":true,"href":"https:\/\/rogeresteller.com\/ca\/wp-json\/wp\/v2\/tags?post=541"}],"curies":[{"name":"wp","href":"https:\/\/api.w.org\/{rel}","templated":true}]}}